{"id":45,"count":1,"description":"","link":"https:\/\/www.janetti.fi\/eraveikot\/tag\/vuoden-nuori-metsastaja\/","name":"Vuoden nuori mets\u00e4st\u00e4j\u00e4","slug":"vuoden-nuori-metsastaja","taxonomy":"post_tag","meta":[],"_links":{"self":[{"href":"https:\/\/www.janetti.fi\/eraveikot\/wp-json\/wp\/v2\/tags\/45","targetHints":{"allow":["GET"]}}],"collection":[{"href":"https:\/\/www.janetti.fi\/eraveikot\/wp-json\/wp\/v2\/tags"}],"about":[{"href":"https:\/\/www.janetti.fi\/eraveikot\/wp-json\/wp\/v2\/taxonomies\/post_tag"}],"wp:post_type":[{"href":"https:\/\/www.janetti.fi\/eraveikot\/wp-json\/wp\/v2\/posts?tags=45"}],"curies":[{"name":"wp","href":"https:\/\/api.w.org\/{rel}","templated":true}]}}