{"id":812,"date":"2026-04-08T17:10:34","date_gmt":"2026-04-08T17:10:34","guid":{"rendered":"https:\/\/www.janetti.fi\/eraveikot\/?p=812"},"modified":"2026-04-22T18:04:37","modified_gmt":"2026-04-22T18:04:37","slug":"eraveikkojen-vuosikokous-manniston-majalla-ke-22-4-2026-klo-18-00","status":"publish","type":"post","link":"https:\/\/www.janetti.fi\/eraveikot\/eraveikkojen-vuosikokous-manniston-majalla-ke-22-4-2026-klo-18-00\/","title":{"rendered":"Er\u00e4veikkojen talvikokous j\u00e4rjestettiin M\u00e4nnist\u00f6n majalla 22.4.20260"},"content":{"rendered":"\n<p><strong>Kokouksessa k\u00e4siteltiin <a href=\"https:\/\/www.janetti.fi\/eraveikot\/etusivu-esittely\/saannot\/\" data-type=\"page\" data-id=\"21\">s\u00e4\u00e4nt\u00f6jen<\/a> m\u00e4\u00e4r\u00e4\u00e4m\u00e4t talvikokousasiat, teimme mm. seuraavia p\u00e4\u00e4t\u00f6ksi\u00e4: <\/strong><\/p>\n\n\n\n<ul class=\"wp-block-list\">\n<li>Hyv\u00e4ksyttiin toimintakertomus ja tilit 2025 sek\u00e4 toimintasuunnitelma ja talousarvio 2026 ja my\u00f6nnettiin johtokunnalle vastuuvapaus.<\/li>\n\n\n\n<li>Valittiin Jyri Pylv\u00e4n\u00e4inen jatkamaan seuran puheenjohtajana. Johtokunnan kokoonpano s\u00e4ilyi muutenkin ennallaan. <\/li>\n\n\n\n<li>P\u00e4\u00e4tettiin j\u00e4senmaksun suuruudeksi 70 euroa, liittymismaksu on jatkossa 500 euroa. <\/li>\n\n\n\n<li>Maksuttoman seniorij\u00e4senyyden ik\u00e4raja on jatkossa 75 vuotta. <\/li>\n\n\n\n<li>Hyv\u00e4ksyttiin kaksi j\u00e4senhakemusta. <\/li>\n<\/ul>\n\n\n\n<p><strong>Kokouksen yhteydess\u00e4 palkittiin seuraavat: <\/strong><\/p>\n\n\n\n<ul class=\"wp-block-list\">\n<li>Vuoden 2025 paras pienpetopyyt\u00e4j\u00e4: Leevi Laitinen ja Mauri Hokkanen, 16 pienpetoa<\/li>\n\n\n\n<li>Paras koira: j\u00e4mtlanninpystykorva Haka, om. Jyrki Laitinen<\/li>\n\n\n\n<li>Paras ampuja: Miska Laitinen<\/li>\n<\/ul>\n\n\n\n<p>Muissa asioissa p\u00e4\u00e4tettiin j\u00e4rjest\u00e4\u00e4 seuran talkoot, kes\u00e4kokous ja hirviseurueen kokoontuminen lauantaina 1.8.2026. Talkoot klo 9 alkaen, kokous klo 14 alkaen. Merkkaa jo kalenteriin, lis\u00e4\u00e4 tiedotusta my\u00f6hemmin! <\/p>\n","protected":false},"excerpt":{"rendered":"<p>Kokouksessa k\u00e4siteltiin s\u00e4\u00e4nt\u00f6jen m\u00e4\u00e4r\u00e4\u00e4m\u00e4t talvikokousasiat, teimme mm. seuraavia p\u00e4\u00e4t\u00f6ksi\u00e4: Kokouksen yhteydess\u00e4 palkittiin seuraavat: Muissa asioissa p\u00e4\u00e4tettiin j\u00e4rjest\u00e4\u00e4 seuran talkoot, kes\u00e4kokous ja hirviseurueen kokoontuminen lauantaina 1.8.2026. Talkoot klo 9 alkaen, kokous klo 14 alkaen. Merkkaa jo kalenteriin, lis\u00e4\u00e4 tiedotusta my\u00f6hemmin!<\/p>\n","protected":false},"author":1,"featured_media":0,"comment_status":"closed","ping_status":"closed","sticky":false,"template":"","format":"standard","meta":{"footnotes":""},"categories":[12],"tags":[29,37],"class_list":["post-812","post","type-post","status-publish","format-standard","hentry","category-uutiset","tag-kangasniemen-eraveikot","tag-vuosikokous"],"_links":{"self":[{"href":"https:\/\/www.janetti.fi\/eraveikot\/wp-json\/wp\/v2\/posts\/812","targetHints":{"allow":["GET"]}}],"collection":[{"href":"https:\/\/www.janetti.fi\/eraveikot\/wp-json\/wp\/v2\/posts"}],"about":[{"href":"https:\/\/www.janetti.fi\/eraveikot\/wp-json\/wp\/v2\/types\/post"}],"author":[{"embeddable":true,"href":"https:\/\/www.janetti.fi\/eraveikot\/wp-json\/wp\/v2\/users\/1"}],"replies":[{"embeddable":true,"href":"https:\/\/www.janetti.fi\/eraveikot\/wp-json\/wp\/v2\/comments?post=812"}],"version-history":[{"count":5,"href":"https:\/\/www.janetti.fi\/eraveikot\/wp-json\/wp\/v2\/posts\/812\/revisions"}],"predecessor-version":[{"id":824,"href":"https:\/\/www.janetti.fi\/eraveikot\/wp-json\/wp\/v2\/posts\/812\/revisions\/824"}],"wp:attachment":[{"href":"https:\/\/www.janetti.fi\/eraveikot\/wp-json\/wp\/v2\/media?parent=812"}],"wp:term":[{"taxonomy":"category","embeddable":true,"href":"https:\/\/www.janetti.fi\/eraveikot\/wp-json\/wp\/v2\/categories?post=812"},{"taxonomy":"post_tag","embeddable":true,"href":"https:\/\/www.janetti.fi\/eraveikot\/wp-json\/wp\/v2\/tags?post=812"}],"curies":[{"name":"wp","href":"https:\/\/api.w.org\/{rel}","templated":true}]}}