{"id":792,"date":"2026-01-19T05:58:55","date_gmt":"2026-01-19T05:58:55","guid":{"rendered":"https:\/\/www.janetti.fi\/eraveikot\/?p=792"},"modified":"2026-01-19T05:58:55","modified_gmt":"2026-01-19T05:58:55","slug":"mukana-ilveksen-lumijalkilaskennassa","status":"publish","type":"post","link":"https:\/\/www.janetti.fi\/eraveikot\/mukana-ilveksen-lumijalkilaskennassa\/","title":{"rendered":"Mukana ilveksen lumij\u00e4lkilaskennassa"},"content":{"rendered":"\n<p>Er\u00e4veikot osallistui Suomen Mets\u00e4st\u00e4j\u00e4liiton organisoimaan lumij\u00e4lkilaskentaan 18.1.2026. Yhteisty\u00f6ss\u00e4 kanssamme laskentaa teki naapurimme, Kutemaj\u00e4rven Mets\u00e4stysseura. P\u00e4iv\u00e4n mittaan seurojen alueilta l\u00f6ytyi kahdeksan eri ilveksen j\u00e4ljet, jotka kirjattiin Tassu-j\u00e4rjestelm\u00e4\u00e4n ja dokumentoitiin ohjeiden mukaan my\u00f6s Mets\u00e4st\u00e4j\u00e4liitolle. <\/p>\n\n\n\n<p><strong>Kiitokset kaikille laskennassa mukana olleille!<\/strong><\/p>\n\n\n\n<p><a href=\"https:\/\/metsastajaliitto.fi\/uutiset\/metsastajat-jalkautuvat-tieteen-tueksi-varmista-ilveksen-ja-suden-kanta-arvioiden-tarkkuus?fbclid=IwY2xjawPW79ZleHRuA2FlbQIxMQBzcnRjBmFwcF9pZBAyMjIwMzkxNzg4MjAwODkyAAEem8LKdLOCcFrNzBknFBoKtFcDwVlmLmYsaisgpNgKamjP5u9KMRXpw1r0Eqg_aem_-Jn_3cqIDJHB9FtMzzYo4Q\" target=\"_blank\" rel=\"noreferrer noopener\"><strong>Lis\u00e4tietoja Mets\u00e4st\u00e4j\u00e4liiton tempauksesta t\u00e4st\u00e4!<\/strong><\/a><\/p>\n\n\n\n<figure class=\"wp-block-image size-large\"><img loading=\"lazy\" decoding=\"async\" width=\"784\" height=\"1024\" src=\"https:\/\/www.janetti.fi\/eraveikot\/wp-content\/uploads\/2026\/01\/IMG_1133-784x1024.jpg\" alt=\"\" class=\"wp-image-793\" srcset=\"https:\/\/www.janetti.fi\/eraveikot\/wp-content\/uploads\/2026\/01\/IMG_1133-784x1024.jpg 784w, https:\/\/www.janetti.fi\/eraveikot\/wp-content\/uploads\/2026\/01\/IMG_1133-230x300.jpg 230w, https:\/\/www.janetti.fi\/eraveikot\/wp-content\/uploads\/2026\/01\/IMG_1133-768x1003.jpg 768w, https:\/\/www.janetti.fi\/eraveikot\/wp-content\/uploads\/2026\/01\/IMG_1133.jpg 900w\" sizes=\"auto, (max-width: 784px) 100vw, 784px\" \/><\/figure>\n\n\n\n<p><em>Kuvassa Ienm\u00e4est\u00e4 l\u00f6ytyneet kahden ilveksen j\u00e4ljet. My\u00f6hemmin aluetta rajattaessa n\u00e4ist\u00e4 l\u00f6ytyi tuoreemmat versiot ja ne saatiin mitattua sek\u00e4 tallennettua Tassu-j\u00e4rjestelm\u00e4\u00e4n. <\/em><\/p>\n","protected":false},"excerpt":{"rendered":"<p>Er\u00e4veikot osallistui Suomen Mets\u00e4st\u00e4j\u00e4liiton organisoimaan lumij\u00e4lkilaskentaan 18.1.2026. Yhteisty\u00f6ss\u00e4 kanssamme laskentaa teki naapurimme, Kutemaj\u00e4rven Mets\u00e4stysseura. P\u00e4iv\u00e4n mittaan seurojen alueilta l\u00f6ytyi kahdeksan eri ilveksen j\u00e4ljet, jotka kirjattiin Tassu-j\u00e4rjestelm\u00e4\u00e4n ja dokumentoitiin ohjeiden mukaan my\u00f6s Mets\u00e4st\u00e4j\u00e4liitolle. Kiitokset kaikille laskennassa mukana olleille! Lis\u00e4tietoja Mets\u00e4st\u00e4j\u00e4liiton tempauksesta t\u00e4st\u00e4! Kuvassa Ienm\u00e4est\u00e4 l\u00f6ytyneet kahden ilveksen j\u00e4ljet. My\u00f6hemmin aluetta rajattaessa n\u00e4ist\u00e4 l\u00f6ytyi tuoreemmat versiot ja [&hellip;]<\/p>\n","protected":false},"author":1,"featured_media":0,"comment_status":"closed","ping_status":"closed","sticky":false,"template":"","format":"standard","meta":{"footnotes":""},"categories":[12],"tags":[58,29,59,60],"class_list":["post-792","post","type-post","status-publish","format-standard","hentry","category-uutiset","tag-ilves","tag-kangasniemen-eraveikot","tag-lumijalkilaskenta","tag-suomen-metsastajaliitto"],"_links":{"self":[{"href":"https:\/\/www.janetti.fi\/eraveikot\/wp-json\/wp\/v2\/posts\/792","targetHints":{"allow":["GET"]}}],"collection":[{"href":"https:\/\/www.janetti.fi\/eraveikot\/wp-json\/wp\/v2\/posts"}],"about":[{"href":"https:\/\/www.janetti.fi\/eraveikot\/wp-json\/wp\/v2\/types\/post"}],"author":[{"embeddable":true,"href":"https:\/\/www.janetti.fi\/eraveikot\/wp-json\/wp\/v2\/users\/1"}],"replies":[{"embeddable":true,"href":"https:\/\/www.janetti.fi\/eraveikot\/wp-json\/wp\/v2\/comments?post=792"}],"version-history":[{"count":1,"href":"https:\/\/www.janetti.fi\/eraveikot\/wp-json\/wp\/v2\/posts\/792\/revisions"}],"predecessor-version":[{"id":794,"href":"https:\/\/www.janetti.fi\/eraveikot\/wp-json\/wp\/v2\/posts\/792\/revisions\/794"}],"wp:attachment":[{"href":"https:\/\/www.janetti.fi\/eraveikot\/wp-json\/wp\/v2\/media?parent=792"}],"wp:term":[{"taxonomy":"category","embeddable":true,"href":"https:\/\/www.janetti.fi\/eraveikot\/wp-json\/wp\/v2\/categories?post=792"},{"taxonomy":"post_tag","embeddable":true,"href":"https:\/\/www.janetti.fi\/eraveikot\/wp-json\/wp\/v2\/tags?post=792"}],"curies":[{"name":"wp","href":"https:\/\/api.w.org\/{rel}","templated":true}]}}