{"id":748,"date":"2025-09-02T10:15:59","date_gmt":"2025-09-02T10:15:59","guid":{"rendered":"https:\/\/www.janetti.fi\/eraveikot\/?p=748"},"modified":"2025-09-20T17:09:20","modified_gmt":"2025-09-20T17:09:20","slug":"eraveikkojen-syystalkoot-lauantaina-20-9-2025","status":"publish","type":"post","link":"https:\/\/www.janetti.fi\/eraveikot\/eraveikkojen-syystalkoot-lauantaina-20-9-2025\/","title":{"rendered":"Er\u00e4veikkojen syystalkoissa ahkeroitiin isolla porukalla"},"content":{"rendered":"\n<p><strong>Lauantaina 20.9.2025 talkoilimme M\u00e4nnist\u00f6n majalla 16 henkil\u00f6n voimin.<\/strong><\/p>\n\n\n\n<figure class=\"wp-block-image size-full\"><img loading=\"lazy\" decoding=\"async\" width=\"772\" height=\"930\" src=\"https:\/\/www.janetti.fi\/eraveikot\/wp-content\/uploads\/2025\/09\/Nayttokuva-2025-9-20-kello-19.45.47.webp\" alt=\"\" class=\"wp-image-768\" srcset=\"https:\/\/www.janetti.fi\/eraveikot\/wp-content\/uploads\/2025\/09\/Nayttokuva-2025-9-20-kello-19.45.47.webp 772w, https:\/\/www.janetti.fi\/eraveikot\/wp-content\/uploads\/2025\/09\/Nayttokuva-2025-9-20-kello-19.45.47-249x300.webp 249w, https:\/\/www.janetti.fi\/eraveikot\/wp-content\/uploads\/2025\/09\/Nayttokuva-2025-9-20-kello-19.45.47-768x925.webp 768w\" sizes=\"auto, (max-width: 772px) 100vw, 772px\" \/><\/figure>\n\n\n\n<p>Tehokkaissa talkoissa saatiin muun muassa kuljetettua pihaan ja p\u00e4tkitty\u00e4 l\u00e4hiymp\u00e4rist\u00f6n tuulenkaadot, t\u00e4ytetty\u00e4 kodan puuvarasto, siivottua nylkyvaja perusteellisesti, huollettua vesipumppu, raivattua heinikoita ja risukoita sek\u00e4 kaadettua kodan vierest\u00e4 k\u00e4rsineen oloinen pihlaja. Ja tietenkin talkoiden ohessa kahviteltiin, paistettiin makkaraa ja jutusteltiin mukavia &#8211; kuten kunnon talkoissa tulee tehd\u00e4kin!<\/p>\n\n\n\n<figure class=\"wp-block-image size-full\"><img loading=\"lazy\" decoding=\"async\" width=\"699\" height=\"938\" src=\"https:\/\/www.janetti.fi\/eraveikot\/wp-content\/uploads\/2025\/09\/Nayttokuva-2025-9-20-kello-19.48.18.webp\" alt=\"\" class=\"wp-image-767\" srcset=\"https:\/\/www.janetti.fi\/eraveikot\/wp-content\/uploads\/2025\/09\/Nayttokuva-2025-9-20-kello-19.48.18.webp 699w, https:\/\/www.janetti.fi\/eraveikot\/wp-content\/uploads\/2025\/09\/Nayttokuva-2025-9-20-kello-19.48.18-224x300.webp 224w\" sizes=\"auto, (max-width: 699px) 100vw, 699px\" \/><\/figure>\n\n\n\n<p>Paljon tuli tehty\u00e4, mutta tekemist\u00e4 viel\u00e4 j\u00e4ikin ja jatkotalkoita jo mietittiin. Ohjelmassa olisi ainakin p\u00f6llien halkomista ihan l\u00e4hiaikoina. <\/p>\n\n\n\n<p>Kiitos kaikille talkoisiin osallistuneille! <\/p>\n\n\n\n<p><\/p>\n","protected":false},"excerpt":{"rendered":"<p>Lauantaina 20.9.2025 talkoilimme M\u00e4nnist\u00f6n majalla 16 henkil\u00f6n voimin. Tehokkaissa talkoissa saatiin muun muassa kuljetettua pihaan ja p\u00e4tkitty\u00e4 l\u00e4hiymp\u00e4rist\u00f6n tuulenkaadot, t\u00e4ytetty\u00e4 kodan puuvarasto, siivottua nylkyvaja perusteellisesti, huollettua vesipumppu, raivattua heinikoita ja risukoita sek\u00e4 kaadettua kodan vierest\u00e4 k\u00e4rsineen oloinen pihlaja. Ja tietenkin talkoiden ohessa kahviteltiin, paistettiin makkaraa ja jutusteltiin mukavia &#8211; kuten kunnon talkoissa tulee tehd\u00e4kin! Paljon [&hellip;]<\/p>\n","protected":false},"author":1,"featured_media":766,"comment_status":"closed","ping_status":"closed","sticky":false,"template":"","format":"standard","meta":{"footnotes":""},"categories":[12],"tags":[29,50],"class_list":["post-748","post","type-post","status-publish","format-standard","has-post-thumbnail","hentry","category-uutiset","tag-kangasniemen-eraveikot","tag-talkoot"],"_links":{"self":[{"href":"https:\/\/www.janetti.fi\/eraveikot\/wp-json\/wp\/v2\/posts\/748","targetHints":{"allow":["GET"]}}],"collection":[{"href":"https:\/\/www.janetti.fi\/eraveikot\/wp-json\/wp\/v2\/posts"}],"about":[{"href":"https:\/\/www.janetti.fi\/eraveikot\/wp-json\/wp\/v2\/types\/post"}],"author":[{"embeddable":true,"href":"https:\/\/www.janetti.fi\/eraveikot\/wp-json\/wp\/v2\/users\/1"}],"replies":[{"embeddable":true,"href":"https:\/\/www.janetti.fi\/eraveikot\/wp-json\/wp\/v2\/comments?post=748"}],"version-history":[{"count":7,"href":"https:\/\/www.janetti.fi\/eraveikot\/wp-json\/wp\/v2\/posts\/748\/revisions"}],"predecessor-version":[{"id":770,"href":"https:\/\/www.janetti.fi\/eraveikot\/wp-json\/wp\/v2\/posts\/748\/revisions\/770"}],"wp:featuredmedia":[{"embeddable":true,"href":"https:\/\/www.janetti.fi\/eraveikot\/wp-json\/wp\/v2\/media\/766"}],"wp:attachment":[{"href":"https:\/\/www.janetti.fi\/eraveikot\/wp-json\/wp\/v2\/media?parent=748"}],"wp:term":[{"taxonomy":"category","embeddable":true,"href":"https:\/\/www.janetti.fi\/eraveikot\/wp-json\/wp\/v2\/categories?post=748"},{"taxonomy":"post_tag","embeddable":true,"href":"https:\/\/www.janetti.fi\/eraveikot\/wp-json\/wp\/v2\/tags?post=748"}],"curies":[{"name":"wp","href":"https:\/\/api.w.org\/{rel}","templated":true}]}}