{"id":705,"date":"2025-08-24T15:59:20","date_gmt":"2025-08-24T15:59:20","guid":{"rendered":"https:\/\/www.janetti.fi\/eraveikot\/?p=705"},"modified":"2025-08-24T17:06:23","modified_gmt":"2025-08-24T17:06:23","slug":"eraveikkojen-kesakokouksen-kuulumisia","status":"publish","type":"post","link":"https:\/\/www.janetti.fi\/eraveikot\/eraveikkojen-kesakokouksen-kuulumisia\/","title":{"rendered":"Er\u00e4veikkojen kes\u00e4kokouksen kuulumisia"},"content":{"rendered":"\n<p><strong>Seuran kes\u00e4kokous pidettiin M\u00e4nnist\u00f6n majalla sunnuntaina 24.8.2025. <\/strong><\/p>\n\n\n\n<p>Kokouksen asialistan alkup\u00e4\u00e4ss\u00e4 oli yhdistyksen <a href=\"https:\/\/www.janetti.fi\/eraveikot\/etusivu-esittely\/saannot\/\" data-type=\"page\" data-id=\"21\">p\u00e4ivitettyjen s\u00e4\u00e4nt\u00f6jen<\/a> l\u00e4pik\u00e4yminen ja hyv\u00e4ksyminen. Muilta osin kokous noudatteli normaalia kes\u00e4kokouksen kaavaa, eli p\u00e4\u00e4tettiin muun muassa riistakiinti\u00f6ihin ja vieraskorttiin liittyvi\u00e4 asioita sek\u00e4 k\u00e4ytiin l\u00e4pi rauhoitusalueet. N\u00e4ist\u00e4 kaikista l\u00f6yd\u00e4t ajantasaiset tiedot <a href=\"https:\/\/www.janetti.fi\/eraveikot\/metsastys\/\" data-type=\"page\" data-id=\"23\">mets\u00e4stys-osiosta<\/a>.  <\/p>\n\n\n\n<p>Kes\u00e4kokouksessa muistutettiin my\u00f6s maksamattomista j\u00e4senmaksuista, joita on viel\u00e4 runsaasti t\u00e4lle vuodelle. Mik\u00e4li j\u00e4senmaksua ei ole maksettu viikon sis\u00e4ll\u00e4 er\u00e4p\u00e4iv\u00e4st\u00e4, j\u00e4senell\u00e4 ei ole mets\u00e4stysoikeutta seuran alueella. J\u00e4senmaksun er\u00e4p\u00e4iv\u00e4 oli elokuun 2025 alussa. Ota yhteytt\u00e4 seuran sihteeriin, Petteri Reinikaiseen, mik\u00e4li maksun suhteen on jotain ep\u00e4selvyytt\u00e4.  <\/p>\n\n\n\n<p>Hirviseurue kokoontui kes\u00e4kokouksen j\u00e4lkeen. Hirvenmets\u00e4stykseen liittyv\u00e4t asiat l\u00f6ytyv\u00e4t <a href=\"https:\/\/www.janetti.fi\/eraveikot\/metsastys\/hirvi\/\" data-type=\"page\" data-id=\"25\">t\u00e4\u00e4lt\u00e4!<\/a> <\/p>\n\n\n\n<p><strong>Kalenteriin merkattavaa: <\/strong><\/p>\n\n\n\n<ul class=\"wp-block-list\">\n<li>J\u00e4sentenv\u00e4liset ampumakilpailut Paukkusuolla la 20.9. klo 13 alkaen. Hirvi\/haulikko. <\/li>\n\n\n\n<li>Er\u00e4veikkojen 75 v. juhlapeijaiset M\u00e4nnist\u00f6n majalla la 8.11. klo 15-18. <\/li>\n<\/ul>\n\n\n\n<p><\/p>\n","protected":false},"excerpt":{"rendered":"<p>Seuran kes\u00e4kokous pidettiin M\u00e4nnist\u00f6n majalla sunnuntaina 24.8.2025. Kokouksen asialistan alkup\u00e4\u00e4ss\u00e4 oli yhdistyksen p\u00e4ivitettyjen s\u00e4\u00e4nt\u00f6jen l\u00e4pik\u00e4yminen ja hyv\u00e4ksyminen. Muilta osin kokous noudatteli normaalia kes\u00e4kokouksen kaavaa, eli p\u00e4\u00e4tettiin muun muassa riistakiinti\u00f6ihin ja vieraskorttiin liittyvi\u00e4 asioita sek\u00e4 k\u00e4ytiin l\u00e4pi rauhoitusalueet. N\u00e4ist\u00e4 kaikista l\u00f6yd\u00e4t ajantasaiset tiedot mets\u00e4stys-osiosta. Kes\u00e4kokouksessa muistutettiin my\u00f6s maksamattomista j\u00e4senmaksuista, joita on viel\u00e4 runsaasti t\u00e4lle vuodelle. Mik\u00e4li [&hellip;]<\/p>\n","protected":false},"author":1,"featured_media":704,"comment_status":"closed","ping_status":"closed","sticky":false,"template":"","format":"standard","meta":{"footnotes":""},"categories":[12],"tags":[29,7],"class_list":["post-705","post","type-post","status-publish","format-standard","has-post-thumbnail","hentry","category-uutiset","tag-kangasniemen-eraveikot","tag-kesakokous"],"_links":{"self":[{"href":"https:\/\/www.janetti.fi\/eraveikot\/wp-json\/wp\/v2\/posts\/705","targetHints":{"allow":["GET"]}}],"collection":[{"href":"https:\/\/www.janetti.fi\/eraveikot\/wp-json\/wp\/v2\/posts"}],"about":[{"href":"https:\/\/www.janetti.fi\/eraveikot\/wp-json\/wp\/v2\/types\/post"}],"author":[{"embeddable":true,"href":"https:\/\/www.janetti.fi\/eraveikot\/wp-json\/wp\/v2\/users\/1"}],"replies":[{"embeddable":true,"href":"https:\/\/www.janetti.fi\/eraveikot\/wp-json\/wp\/v2\/comments?post=705"}],"version-history":[{"count":2,"href":"https:\/\/www.janetti.fi\/eraveikot\/wp-json\/wp\/v2\/posts\/705\/revisions"}],"predecessor-version":[{"id":724,"href":"https:\/\/www.janetti.fi\/eraveikot\/wp-json\/wp\/v2\/posts\/705\/revisions\/724"}],"wp:featuredmedia":[{"embeddable":true,"href":"https:\/\/www.janetti.fi\/eraveikot\/wp-json\/wp\/v2\/media\/704"}],"wp:attachment":[{"href":"https:\/\/www.janetti.fi\/eraveikot\/wp-json\/wp\/v2\/media?parent=705"}],"wp:term":[{"taxonomy":"category","embeddable":true,"href":"https:\/\/www.janetti.fi\/eraveikot\/wp-json\/wp\/v2\/categories?post=705"},{"taxonomy":"post_tag","embeddable":true,"href":"https:\/\/www.janetti.fi\/eraveikot\/wp-json\/wp\/v2\/tags?post=705"}],"curies":[{"name":"wp","href":"https:\/\/api.w.org\/{rel}","templated":true}]}}