{"id":648,"date":"2025-03-30T17:36:28","date_gmt":"2025-03-30T17:36:28","guid":{"rendered":"https:\/\/www.janetti.fi\/eraveikot\/?p=648"},"modified":"2025-03-30T17:41:49","modified_gmt":"2025-03-30T17:41:49","slug":"talkoot-26-4-2025-rakennetaan-minkinloukkuja-ja-telkanponttoja-tule-mukaan","status":"publish","type":"post","link":"https:\/\/www.janetti.fi\/eraveikot\/talkoot-26-4-2025-rakennetaan-minkinloukkuja-ja-telkanponttoja-tule-mukaan\/","title":{"rendered":"Talkoot 26.4.2025: rakennetaan minkinloukkuja ja telk\u00e4np\u00f6ntt\u00f6j\u00e4! Tule mukaan!"},"content":{"rendered":"\n<p>Tule talkoilemaan M\u00e4nnist\u00f6n majalle la 26.4. klo 9 alkaen. Tehd\u00e4\u00e4n minkinloukkuja ja telk\u00e4np\u00f6ntt\u00f6j\u00e4, mahdollisesti my\u00f6s esim. pikkulinnunp\u00f6ntt\u00f6j\u00e4, jos j\u00e4\u00e4 sopivaa materiaalia.<\/p>\n\n\n\n<p>Toivottavasti mahdollisimman moni p\u00e4\u00e4see osallistumaan! My\u00f6s p\u00f6ntt\u00f6jen ja loukkujen jatkosijoituksessa talkooluontoista tekemist\u00e4 tarjolla. <\/p>\n\n\n\n<p>Ilmoita osallistumisestasi ennakkoon viimeist\u00e4\u00e4n to 24.4. Er\u00e4veikkojen WhatsApp- tai FB-ryhm\u00e4ss\u00e4 tai laittamalla emailia osoitteeseen jaana.laitinen@janetti.fi. <\/p>\n\n\n\n<p>Talkoissa tarjolla pient\u00e4 purtavaa.<\/p>\n","protected":false},"excerpt":{"rendered":"<p>Tule talkoilemaan M\u00e4nnist\u00f6n majalle la 26.4. klo 9 alkaen. Tehd\u00e4\u00e4n minkinloukkuja ja telk\u00e4np\u00f6ntt\u00f6j\u00e4, mahdollisesti my\u00f6s esim. pikkulinnunp\u00f6ntt\u00f6j\u00e4, jos j\u00e4\u00e4 sopivaa materiaalia. Toivottavasti mahdollisimman moni p\u00e4\u00e4see osallistumaan! My\u00f6s p\u00f6ntt\u00f6jen ja loukkujen jatkosijoituksessa talkooluontoista tekemist\u00e4 tarjolla. Ilmoita osallistumisestasi ennakkoon viimeist\u00e4\u00e4n to 24.4. Er\u00e4veikkojen WhatsApp- tai FB-ryhm\u00e4ss\u00e4 tai laittamalla emailia osoitteeseen jaana.laitinen@janetti.fi. Talkoissa tarjolla pient\u00e4 purtavaa.<\/p>\n","protected":false},"author":1,"featured_media":0,"comment_status":"closed","ping_status":"closed","sticky":false,"template":"","format":"standard","meta":{"footnotes":""},"categories":[12],"tags":[48,29,49,50,51,46],"class_list":["post-648","post","type-post","status-publish","format-standard","hentry","category-uutiset","tag-haitallinen-vieraslaji","tag-kangasniemen-eraveikot","tag-minkinloukku","tag-talkoot","tag-telkanpontto","tag-vesilinnut"],"_links":{"self":[{"href":"https:\/\/www.janetti.fi\/eraveikot\/wp-json\/wp\/v2\/posts\/648","targetHints":{"allow":["GET"]}}],"collection":[{"href":"https:\/\/www.janetti.fi\/eraveikot\/wp-json\/wp\/v2\/posts"}],"about":[{"href":"https:\/\/www.janetti.fi\/eraveikot\/wp-json\/wp\/v2\/types\/post"}],"author":[{"embeddable":true,"href":"https:\/\/www.janetti.fi\/eraveikot\/wp-json\/wp\/v2\/users\/1"}],"replies":[{"embeddable":true,"href":"https:\/\/www.janetti.fi\/eraveikot\/wp-json\/wp\/v2\/comments?post=648"}],"version-history":[{"count":3,"href":"https:\/\/www.janetti.fi\/eraveikot\/wp-json\/wp\/v2\/posts\/648\/revisions"}],"predecessor-version":[{"id":653,"href":"https:\/\/www.janetti.fi\/eraveikot\/wp-json\/wp\/v2\/posts\/648\/revisions\/653"}],"wp:attachment":[{"href":"https:\/\/www.janetti.fi\/eraveikot\/wp-json\/wp\/v2\/media?parent=648"}],"wp:term":[{"taxonomy":"category","embeddable":true,"href":"https:\/\/www.janetti.fi\/eraveikot\/wp-json\/wp\/v2\/categories?post=648"},{"taxonomy":"post_tag","embeddable":true,"href":"https:\/\/www.janetti.fi\/eraveikot\/wp-json\/wp\/v2\/tags?post=648"}],"curies":[{"name":"wp","href":"https:\/\/api.w.org\/{rel}","templated":true}]}}