{"id":637,"date":"2025-03-17T13:53:20","date_gmt":"2025-03-17T13:53:20","guid":{"rendered":"https:\/\/www.janetti.fi\/eraveikot\/?p=637"},"modified":"2025-03-30T17:40:27","modified_gmt":"2025-03-30T17:40:27","slug":"vuosikokous-sunnuntaina-30-3-2025","status":"publish","type":"post","link":"https:\/\/www.janetti.fi\/eraveikot\/vuosikokous-sunnuntaina-30-3-2025\/","title":{"rendered":"Vuosikokous sunnuntaina 30.3.2025"},"content":{"rendered":"\n<p>Kangasniemen Er\u00e4veikot ry:n vuosikokous j\u00e4rjestettiin 13 osallistujan voimin Teboilin kokoustilassa sunnuntaina 30.3.2025.<\/p>\n\n\n\n<p>Kokouksessa k\u00e4siteltiin normaalit vuosikokousasiat. Johtokunnan kokoonpano s\u00e4ilyy ennallaan. Yksi uusi j\u00e4sen hyv\u00e4ksyttiin seuraan. Parhaana ampujana palkittiin Jyrki Laitinen ja pienpetopyynnin ykk\u00f6seksi valittiin Janne Huttunen. Seura onnitteli my\u00f6s RHy:n Kangasniemen Vuoden Nuoreksi mets\u00e4st\u00e4j\u00e4ksi valittua Leevi Laitista lahjakortilla.<\/p>\n\n\n\n<p>P\u00e4\u00e4tettiin my\u00f6s k\u00e4\u00e4ri\u00e4 hihat luonnon hyv\u00e4ksi mm. j\u00e4rjest\u00e4m\u00e4ll\u00e4 <a href=\"https:\/\/www.janetti.fi\/eraveikot\/talkoot-26-4-2025-rakennetaan-minkinloukkuja-ja-telkanponttoja-tule-mukaan\/\" data-type=\"post\" data-id=\"648\">talkoot, jossa tehd\u00e4\u00e4n minkinloukkuja ja telk\u00e4np\u00f6ntt\u00f6j\u00e4<\/a>.<\/p>\n\n\n\n<p>Johtokunta j\u00e4rjest\u00e4ytyi vuosikokouksen j\u00e4lkeen: puheenjohtajana jatkaa Jyri Pylv\u00e4n\u00e4inen, varapuheenjohtajana Jorma Reinikainen ja sihteerin\u00e4 Petteri Reinikainen. <\/p>\n","protected":false},"excerpt":{"rendered":"<p>Kangasniemen Er\u00e4veikot ry:n vuosikokous j\u00e4rjestettiin 13 osallistujan voimin Teboilin kokoustilassa sunnuntaina 30.3.2025. Kokouksessa k\u00e4siteltiin normaalit vuosikokousasiat. Johtokunnan kokoonpano s\u00e4ilyy ennallaan. Yksi uusi j\u00e4sen hyv\u00e4ksyttiin seuraan. Parhaana ampujana palkittiin Jyrki Laitinen ja pienpetopyynnin ykk\u00f6seksi valittiin Janne Huttunen. Seura onnitteli my\u00f6s RHy:n Kangasniemen Vuoden Nuoreksi mets\u00e4st\u00e4j\u00e4ksi valittua Leevi Laitista lahjakortilla. P\u00e4\u00e4tettiin my\u00f6s k\u00e4\u00e4ri\u00e4 hihat luonnon hyv\u00e4ksi mm. [&hellip;]<\/p>\n","protected":false},"author":1,"featured_media":0,"comment_status":"closed","ping_status":"closed","sticky":false,"template":"","format":"standard","meta":{"footnotes":""},"categories":[12],"tags":[29,37],"class_list":["post-637","post","type-post","status-publish","format-standard","hentry","category-uutiset","tag-kangasniemen-eraveikot","tag-vuosikokous"],"_links":{"self":[{"href":"https:\/\/www.janetti.fi\/eraveikot\/wp-json\/wp\/v2\/posts\/637","targetHints":{"allow":["GET"]}}],"collection":[{"href":"https:\/\/www.janetti.fi\/eraveikot\/wp-json\/wp\/v2\/posts"}],"about":[{"href":"https:\/\/www.janetti.fi\/eraveikot\/wp-json\/wp\/v2\/types\/post"}],"author":[{"embeddable":true,"href":"https:\/\/www.janetti.fi\/eraveikot\/wp-json\/wp\/v2\/users\/1"}],"replies":[{"embeddable":true,"href":"https:\/\/www.janetti.fi\/eraveikot\/wp-json\/wp\/v2\/comments?post=637"}],"version-history":[{"count":4,"href":"https:\/\/www.janetti.fi\/eraveikot\/wp-json\/wp\/v2\/posts\/637\/revisions"}],"predecessor-version":[{"id":650,"href":"https:\/\/www.janetti.fi\/eraveikot\/wp-json\/wp\/v2\/posts\/637\/revisions\/650"}],"wp:attachment":[{"href":"https:\/\/www.janetti.fi\/eraveikot\/wp-json\/wp\/v2\/media?parent=637"}],"wp:term":[{"taxonomy":"category","embeddable":true,"href":"https:\/\/www.janetti.fi\/eraveikot\/wp-json\/wp\/v2\/categories?post=637"},{"taxonomy":"post_tag","embeddable":true,"href":"https:\/\/www.janetti.fi\/eraveikot\/wp-json\/wp\/v2\/tags?post=637"}],"curies":[{"name":"wp","href":"https:\/\/api.w.org\/{rel}","templated":true}]}}