{"id":505,"date":"2023-08-14T04:22:00","date_gmt":"2023-08-14T04:22:00","guid":{"rendered":"https:\/\/www.janetti.fi\/eraveikot\/?p=505"},"modified":"2023-08-14T05:47:29","modified_gmt":"2023-08-14T05:47:29","slug":"kesakokouksen-kuulumisia","status":"publish","type":"post","link":"https:\/\/www.janetti.fi\/eraveikot\/kesakokouksen-kuulumisia\/","title":{"rendered":"Kes\u00e4kokouksen kuulumisia"},"content":{"rendered":"\n<p><strong>Kes\u00e4kokous j\u00e4rjestettiin M\u00e4nnist\u00f6n majalla 13.8.2023. Kokoukseen osallistui 14 seuran j\u00e4sent\u00e4. Hirviseurue kokoontui kes\u00e4kokouksen j\u00e4lkeen, <a href=\"https:\/\/www.janetti.fi\/eraveikot\/hirviseurue-kokoontui-suunnittelemaan-syksyn-2023-jahteja\/\" data-type=\"post\" data-id=\"508\">lue t\u00e4\u00e4lt\u00e4, mit\u00e4 seurueen kokoontumisessa p\u00e4\u00e4tettiin!<\/a><\/strong><\/p>\n\n\n\n<h4 class=\"wp-block-heading\"><strong>Kes\u00e4kokouksessa p\u00e4\u00e4tettyj\u00e4 asioita: <\/strong><\/h4>\n\n\n\n<ul class=\"wp-block-list\">\n<li>Mets\u00e4kanalintujen saaliskiinti\u00f6 2023: kaksi teert\u00e4 ja yksi musta metso<\/li>\n\n\n\n<li>Mets\u00e4kauris: 1 kauris \/ j\u00e4sen \/ mets\u00e4styskausi. Kaurista ei voi mets\u00e4st\u00e4\u00e4 vieraskortilla. Mets\u00e4styksen tulee olla kannanhoidollisesti kest\u00e4v\u00e4\u00e4. Yli nelipiikkist\u00e4 pukkia ei saa ampua. <\/li>\n\n\n\n<li>Muu pienriista on kiinti\u00f6ist\u00e4 vapaa. <\/li>\n\n\n\n<li>Vieraskortti 10 \u20ac \/ vrk, is\u00e4nn\u00e4n\/em\u00e4nn\u00e4n oltava mukana, saalis h\u00e4nen kiinti\u00f6st\u00e4\u00e4n. Maksukuitissa oltava is\u00e4nn\u00e4n\/em\u00e4nn\u00e4n ja vieraan nimi sek\u00e4 p\u00e4iv\u00e4m\u00e4\u00e4r\u00e4, jolle vieraskortti on maksettu. J\u00e4senen vieraana ainoastaan pienpetoja mets\u00e4st\u00e4v\u00e4lt\u00e4 ei perit\u00e4 vieraskorttia. Mahdolliset suurriistajahdit eiv\u00e4t edellyt\u00e4 vieraskortin lunastamista. <\/li>\n\n\n\n<li>Rauhoitusalueet: Reinikaisen, Kuusj\u00e4rven ja Liikasen maat. Liisa Pilveksen mailla lintujen mets\u00e4stys kielletty. Per\u00e4harjun mailla metso rauhoitettu. Haarajoenlahti rauhoitettu. Huom! Entisill\u00e4 Stockforssin mailla on tapahtunut omistajanvaihdos, jonka my\u00f6t\u00e4 nuo alueet ovat nyt sallittuja kaikelle riistalle! <\/li>\n\n\n\n<li>Uusia j\u00e4senanomuksia oli yksi, se hyv\u00e4ksyttiin yksimielisesti. <\/li>\n\n\n\n<li>Pyrit\u00e4\u00e4n ottamaan k\u00e4ytt\u00f6\u00f6n Reviiri-j\u00e4rjestelm\u00e4.<\/li>\n\n\n\n<li>Seuran ruokintapaikat: seuralla kaksi riistapeltoa. Kyyhkyruokintoja ei seuralla t\u00e4lle syksylle ole, alueella on vain jokunen yksityinen ruokinta, joiden sijainnit ilmoitetaan Whatsapp-ryhmiss\u00e4. Yksityisill\u00e4 ruokinnoilla ei ole hyvien tapojen mukaista mets\u00e4st\u00e4\u00e4 ilman lupaa. Vuoden 2024 kyyhkyruokinnoista p\u00e4\u00e4tet\u00e4\u00e4n kev\u00e4tkokouksessa 2024. <\/li>\n\n\n\n<li>Majan ymp\u00e4rist\u00f6st\u00e4 voisi tulevaisuudessa harventaa puustoa. Ensin on kuitenkin raivattava lepikko alta pois. J\u00e4rjestet\u00e4\u00e4n raivaustalkoot perjantaina 15.9. klo 15 alkaen. <\/li>\n\n\n\n<li>Kev\u00e4\u00e4ll\u00e4 2024 j\u00e4rjestet\u00e4\u00e4n isommat talkoot, joiden tiimoilta tehd\u00e4\u00e4n pieni\u00e4 korjaust\u00f6it\u00e4 (esim. ulkohuussin rappusten uusiminen, saunan terassin valttaus) ja siivotaan turhaa t\u00f6rky\u00e4 pois. T\u00e4st\u00e4 tiedotetaan kev\u00e4\u00e4n j\u00e4senkirjeess\u00e4. <\/li>\n\n\n\n<li>Nuorisotoiminnan kehitt\u00e4misest\u00e4 k\u00e4ytiin keskustelua. Asian eteen kehitell\u00e4\u00e4n jotain konkreettista. <\/li>\n\n\n\n<li>Keskuteltiin my\u00f6s mm. maksamattomien j\u00e4senmaksujen tilanteesta ja Paratiisin nuolukiven siirt\u00e4misest\u00e4. <\/li>\n<\/ul>\n\n\n\n<h3 class=\"wp-block-heading has-electric-grass-gradient-background has-background\">KALENTERIIN MERKATTAVIA ASIOITA: <\/h3>\n\n\n\n<ul class=\"wp-block-list\">\n<li><strong>Raivaustalkoot 15.9. klo 15 alkaen majan ymp\u00e4rist\u00f6ss\u00e4. Raivataan lepikkoa pois. <\/strong><\/li>\n\n\n\n<li><strong>J\u00e4sentenv\u00e4linen hirvi-\/haulikkokisa Paukkusuolla 23.9. klo 11.<\/strong><\/li>\n\n\n\n<li><strong>Seurueiden v\u00e4linen hirvenampumiskisa Paukkusuolla, Er\u00e4veikkojen vuoro 2.9. klo 11.<\/strong><\/li>\n<\/ul>\n\n\n\n<p class=\"has-small-font-size\"><em>(Artikkelikuva: Pixabay)<\/em><\/p>\n","protected":false},"excerpt":{"rendered":"<p>Kes\u00e4kokous j\u00e4rjestettiin M\u00e4nnist\u00f6n majalla 13.8.2023. Kokoukseen osallistui 14 seuran j\u00e4sent\u00e4. Hirviseurue kokoontui kes\u00e4kokouksen j\u00e4lkeen, lue t\u00e4\u00e4lt\u00e4, mit\u00e4 seurueen kokoontumisessa p\u00e4\u00e4tettiin! Kes\u00e4kokouksessa p\u00e4\u00e4tettyj\u00e4 asioita: KALENTERIIN MERKATTAVIA ASIOITA: (Artikkelikuva: Pixabay)<\/p>\n","protected":false},"author":1,"featured_media":513,"comment_status":"closed","ping_status":"closed","sticky":false,"template":"","format":"standard","meta":{"footnotes":""},"categories":[12],"tags":[29,7],"class_list":["post-505","post","type-post","status-publish","format-standard","has-post-thumbnail","hentry","category-uutiset","tag-kangasniemen-eraveikot","tag-kesakokous"],"_links":{"self":[{"href":"https:\/\/www.janetti.fi\/eraveikot\/wp-json\/wp\/v2\/posts\/505","targetHints":{"allow":["GET"]}}],"collection":[{"href":"https:\/\/www.janetti.fi\/eraveikot\/wp-json\/wp\/v2\/posts"}],"about":[{"href":"https:\/\/www.janetti.fi\/eraveikot\/wp-json\/wp\/v2\/types\/post"}],"author":[{"embeddable":true,"href":"https:\/\/www.janetti.fi\/eraveikot\/wp-json\/wp\/v2\/users\/1"}],"replies":[{"embeddable":true,"href":"https:\/\/www.janetti.fi\/eraveikot\/wp-json\/wp\/v2\/comments?post=505"}],"version-history":[{"count":5,"href":"https:\/\/www.janetti.fi\/eraveikot\/wp-json\/wp\/v2\/posts\/505\/revisions"}],"predecessor-version":[{"id":529,"href":"https:\/\/www.janetti.fi\/eraveikot\/wp-json\/wp\/v2\/posts\/505\/revisions\/529"}],"wp:featuredmedia":[{"embeddable":true,"href":"https:\/\/www.janetti.fi\/eraveikot\/wp-json\/wp\/v2\/media\/513"}],"wp:attachment":[{"href":"https:\/\/www.janetti.fi\/eraveikot\/wp-json\/wp\/v2\/media?parent=505"}],"wp:term":[{"taxonomy":"category","embeddable":true,"href":"https:\/\/www.janetti.fi\/eraveikot\/wp-json\/wp\/v2\/categories?post=505"},{"taxonomy":"post_tag","embeddable":true,"href":"https:\/\/www.janetti.fi\/eraveikot\/wp-json\/wp\/v2\/tags?post=505"}],"curies":[{"name":"wp","href":"https:\/\/api.w.org\/{rel}","templated":true}]}}