{"id":499,"date":"2023-08-11T04:04:59","date_gmt":"2023-08-11T04:04:59","guid":{"rendered":"https:\/\/www.janetti.fi\/eraveikot\/?p=499"},"modified":"2023-08-11T04:05:22","modified_gmt":"2023-08-11T04:05:22","slug":"huomioitavaa-sepelkyyhkyn-metsastyksessa","status":"publish","type":"post","link":"https:\/\/www.janetti.fi\/eraveikot\/huomioitavaa-sepelkyyhkyn-metsastyksessa\/","title":{"rendered":"Huomioitavaa sepelkyyhkyn mets\u00e4styksess\u00e4!"},"content":{"rendered":"\n<p>Tervehdys kaikille!<\/p>\n\n\n\n<p>Uusi mets\u00e4styskausi on vaihtunut ja monella se alkoi torstaina kyyhkyjahdin merkeiss\u00e4. Kuten huomasitte, kes\u00e4kokous on vasta tulevana sunnuntaina 13.8.2023, niin t\u00e4ss\u00e4 pari juttua sepelkyyhkyn mets\u00e4stykseen liittyen.<\/p>\n\n\n\n<ul class=\"wp-block-list\">\n<li>Kun liikutaan mets\u00e4ss\u00e4 tai ollaan passissa niin kaikki mik\u00e4 kulkeutuu mukana mets\u00e4\u00e4n ment\u00e4ess\u00e4, kulkeutuu my\u00f6s pois. Pidet\u00e4\u00e4n paikat siistin\u00e4 eik\u00e4 j\u00e4tet\u00e4 j\u00e4lkeen esim hylsyj\u00e4 tai muita roskia.<\/li>\n\n\n\n<li>Yht\u00e4 aikaa voi olla useita mets\u00e4st\u00e4ji\u00e4 liikkeell\u00e4, joten otetaan jokainen siell\u00e4 olija huomioon. Pidet\u00e4\u00e4n ampumalinjat kunnossa ja turvallisuus ennen kaikkea.<\/li>\n\n\n\n<li>Seuralla ei ole t\u00e4n\u00e4 vuonna ns. omaa kyyhkynruokintapaikkaa, vaan jokainen alueelta l\u00f6ytyv\u00e4 ruokintapaikka on yksityinen. Niihin ei ole kenell\u00e4k\u00e4\u00e4n mit\u00e4\u00e4n asiaa ilman erikseen kysytty\u00e4 lupaa. Jos l\u00f6yd\u00e4t ruokinnan ja siell\u00e4 ei ole ket\u00e4\u00e4n, niin esimerkiksi seuran WhatsApp-ryhm\u00e4n kautta saa varmasti selvyyden kaikista nopeimmin.<\/li>\n\n\n\n<li>Kun pidet\u00e4\u00e4n j\u00e4rki p\u00e4\u00e4ss\u00e4 ja toimitaan yhteisill\u00e4 pelis\u00e4\u00e4nn\u00f6ill\u00e4, niin varmasti tulee onnistunut alku kaudelle. Hyv\u00e4\u00e4 alkanutta mets\u00e4styskautta jokaiselle.<\/li>\n<\/ul>\n\n\n\n<p>Yst\u00e4v\u00e4llisin terveisin<br>PJ Jyri Pylv\u00e4n\u00e4inen<\/p>\n\n\n\n<p class=\"has-small-font-size\"><em>(Kuva: Pixabay)<\/em><\/p>\n","protected":false},"excerpt":{"rendered":"<p>Tervehdys kaikille! Uusi mets\u00e4styskausi on vaihtunut ja monella se alkoi torstaina kyyhkyjahdin merkeiss\u00e4. Kuten huomasitte, kes\u00e4kokous on vasta tulevana sunnuntaina 13.8.2023, niin t\u00e4ss\u00e4 pari juttua sepelkyyhkyn mets\u00e4stykseen liittyen. Yst\u00e4v\u00e4llisin terveisinPJ Jyri Pylv\u00e4n\u00e4inen (Kuva: Pixabay)<\/p>\n","protected":false},"author":1,"featured_media":500,"comment_status":"closed","ping_status":"closed","sticky":false,"template":"","format":"standard","meta":{"footnotes":""},"categories":[12],"tags":[29,44],"class_list":["post-499","post","type-post","status-publish","format-standard","has-post-thumbnail","hentry","category-uutiset","tag-kangasniemen-eraveikot","tag-sepelkyyhkyn-metsastys"],"_links":{"self":[{"href":"https:\/\/www.janetti.fi\/eraveikot\/wp-json\/wp\/v2\/posts\/499","targetHints":{"allow":["GET"]}}],"collection":[{"href":"https:\/\/www.janetti.fi\/eraveikot\/wp-json\/wp\/v2\/posts"}],"about":[{"href":"https:\/\/www.janetti.fi\/eraveikot\/wp-json\/wp\/v2\/types\/post"}],"author":[{"embeddable":true,"href":"https:\/\/www.janetti.fi\/eraveikot\/wp-json\/wp\/v2\/users\/1"}],"replies":[{"embeddable":true,"href":"https:\/\/www.janetti.fi\/eraveikot\/wp-json\/wp\/v2\/comments?post=499"}],"version-history":[{"count":3,"href":"https:\/\/www.janetti.fi\/eraveikot\/wp-json\/wp\/v2\/posts\/499\/revisions"}],"predecessor-version":[{"id":503,"href":"https:\/\/www.janetti.fi\/eraveikot\/wp-json\/wp\/v2\/posts\/499\/revisions\/503"}],"wp:featuredmedia":[{"embeddable":true,"href":"https:\/\/www.janetti.fi\/eraveikot\/wp-json\/wp\/v2\/media\/500"}],"wp:attachment":[{"href":"https:\/\/www.janetti.fi\/eraveikot\/wp-json\/wp\/v2\/media?parent=499"}],"wp:term":[{"taxonomy":"category","embeddable":true,"href":"https:\/\/www.janetti.fi\/eraveikot\/wp-json\/wp\/v2\/categories?post=499"},{"taxonomy":"post_tag","embeddable":true,"href":"https:\/\/www.janetti.fi\/eraveikot\/wp-json\/wp\/v2\/tags?post=499"}],"curies":[{"name":"wp","href":"https:\/\/api.w.org\/{rel}","templated":true}]}}