{"id":48,"date":"2020-07-27T11:04:29","date_gmt":"2020-07-27T11:04:29","guid":{"rendered":"https:\/\/www.janetti.fi\/eraveikot\/demo\/?p=48"},"modified":"2020-08-18T06:17:05","modified_gmt":"2020-08-18T06:17:05","slug":"kokoukset-kertarysayksella","status":"publish","type":"post","link":"https:\/\/www.janetti.fi\/eraveikot\/kokoukset-kertarysayksella\/","title":{"rendered":"Kokoukset kertarys\u00e4yksell\u00e4"},"content":{"rendered":"\n<p>Kangasniemen Er\u00e4veikkojen talvikokous jouduttiin siirt\u00e4m\u00e4\u00e4n koronaepidemian vuoksi. Se j\u00e4rjestettiin samanaikaisesti kes\u00e4kokouksen kanssa M\u00e4nnist\u00f6n majalla sunnuntaina 26.7.2020. <\/p>\n\n\n\n<figure class=\"wp-block-image size-large\"><img loading=\"lazy\" decoding=\"async\" width=\"900\" height=\"676\" src=\"https:\/\/www.janetti.fi\/eraveikot\/wp-content\/uploads\/2020\/07\/kokous2.jpg\" alt=\"\" class=\"wp-image-62\" srcset=\"https:\/\/www.janetti.fi\/eraveikot\/wp-content\/uploads\/2020\/07\/kokous2.jpg 900w, https:\/\/www.janetti.fi\/eraveikot\/wp-content\/uploads\/2020\/07\/kokous2-300x225.jpg 300w, https:\/\/www.janetti.fi\/eraveikot\/wp-content\/uploads\/2020\/07\/kokous2-768x577.jpg 768w\" sizes=\"auto, (max-width: 900px) 100vw, 900px\" \/><\/figure>\n\n\n\n<p>Kokous k\u00e4ynnistettiin seuran 70. juhlavuoden kunniaksi t\u00e4ytekakkukahveilla. Samalla nostettiin malja niin ik\u00e4\u00e4n 70 vuoden i\u00e4n saavuttaneelle seuran aktiivij\u00e4senelle, Lassi Tiihoselle. <\/p>\n\n\n\n<p>Kokouksissa k\u00e4siteltiin s\u00e4\u00e4nt\u00f6jen m\u00e4\u00e4r\u00e4\u00e4m\u00e4t asiat, kuten 2019 toimintakertomus, 2020 toiminta- ja riistanhoitosuunnitelma, kirjanpito, tulo- ja menoarvio, saaliskiinti\u00f6t sek\u00e4 henkil\u00f6valinnat.<\/p>\n\n\n\n<p>Johtokunta valittiin jatkamaan entisell\u00e4 kokoonpanolla ja my\u00f6s jaostojen vet\u00e4j\u00e4t p\u00e4\u00e4tettiin pit\u00e4\u00e4 samoina. Ajantasaiset rauhoitusalueet ja saaliskiinti\u00f6t l\u00f6yd\u00e4t <a href=\"https:\/\/www.janetti.fi\/eraveikot\/metsastys\/muu-riista\/\">t\u00e4\u00e4lt\u00e4<\/a>. <\/p>\n\n\n\n<p>Vieraskortin hinnaksi p\u00e4\u00e4tettiin 10 \u20ac\/vrk, kiinti\u00f6llisiss\u00e4 lajeissa saalis is\u00e4nn\u00e4n\/em\u00e4nn\u00e4n kiinti\u00f6st\u00e4.&nbsp;J\u00e4senen vieraana pienpetoja mets\u00e4st\u00e4vilt\u00e4 ei vieraskorttimaksua perit\u00e4.&nbsp;My\u00f6s mahdolliset suurriistajahdit Er\u00e4veikkojen mets\u00e4stysalueilla eiv\u00e4t edellyt\u00e4 vieraskortin lunastamista.<\/p>\n\n\n\n<p>Lis\u00e4ksi kokouksessa mm. hyv\u00e4ksyttiin yksi j\u00e4senanomus ja kerrottin, ett\u00e4 seuran alueella tapahtuvaan riistaruokintaan on hankittu runsain m\u00e4\u00e4rin lis\u00e4\u00e4 hernett\u00e4. <\/p>\n\n\n\n<p>Kokouksessa my\u00f6s palkittiin Miska Laitinen vuoden 2019 parhaana ampujana ja Urpo Neuvosen karjalankarhukoira K\u00e4sim\u00e4en Hopi sai seuran parhaan mets\u00e4styskoiran tittelin viime vuoden ansioistaan. <\/p>\n\n\n\n<p><strong>Katso my\u00f6s: <a href=\"https:\/\/www.janetti.fi\/eraveikot\/hirvikokous-pidettiin-26-7-2020\/\">hirvikokous 2020<\/a><\/strong><\/p>\n","protected":false},"excerpt":{"rendered":"<p>Kangasniemen Er\u00e4veikkojen talvikokous jouduttiin siirt\u00e4m\u00e4\u00e4n koronaepidemian vuoksi. Se j\u00e4rjestettiin samanaikaisesti kes\u00e4kokouksen kanssa M\u00e4nnist\u00f6n majalla sunnuntaina 26.7.2020. Kokous k\u00e4ynnistettiin seuran 70. juhlavuoden kunniaksi t\u00e4ytekakkukahveilla. Samalla nostettiin malja niin ik\u00e4\u00e4n 70 vuoden i\u00e4n saavuttaneelle seuran aktiivij\u00e4senelle, Lassi Tiihoselle. Kokouksissa k\u00e4siteltiin s\u00e4\u00e4nt\u00f6jen m\u00e4\u00e4r\u00e4\u00e4m\u00e4t asiat, kuten 2019 toimintakertomus, 2020 toiminta- ja riistanhoitosuunnitelma, kirjanpito, tulo- ja menoarvio, saaliskiinti\u00f6t sek\u00e4 henkil\u00f6valinnat. [&hellip;]<\/p>\n","protected":false},"author":1,"featured_media":61,"comment_status":"closed","ping_status":"closed","sticky":false,"template":"","format":"standard","meta":{"footnotes":""},"categories":[12],"tags":[7,5,9,11,10,6,8],"class_list":["post-48","post","type-post","status-publish","format-standard","has-post-thumbnail","hentry","category-uutiset","tag-kesakokous","tag-kokous","tag-rauhoitusalueet","tag-riistaruokinta","tag-saaliskiintiot","tag-talvikokous","tag-vieraskortti"],"_links":{"self":[{"href":"https:\/\/www.janetti.fi\/eraveikot\/wp-json\/wp\/v2\/posts\/48","targetHints":{"allow":["GET"]}}],"collection":[{"href":"https:\/\/www.janetti.fi\/eraveikot\/wp-json\/wp\/v2\/posts"}],"about":[{"href":"https:\/\/www.janetti.fi\/eraveikot\/wp-json\/wp\/v2\/types\/post"}],"author":[{"embeddable":true,"href":"https:\/\/www.janetti.fi\/eraveikot\/wp-json\/wp\/v2\/users\/1"}],"replies":[{"embeddable":true,"href":"https:\/\/www.janetti.fi\/eraveikot\/wp-json\/wp\/v2\/comments?post=48"}],"version-history":[{"count":8,"href":"https:\/\/www.janetti.fi\/eraveikot\/wp-json\/wp\/v2\/posts\/48\/revisions"}],"predecessor-version":[{"id":219,"href":"https:\/\/www.janetti.fi\/eraveikot\/wp-json\/wp\/v2\/posts\/48\/revisions\/219"}],"wp:featuredmedia":[{"embeddable":true,"href":"https:\/\/www.janetti.fi\/eraveikot\/wp-json\/wp\/v2\/media\/61"}],"wp:attachment":[{"href":"https:\/\/www.janetti.fi\/eraveikot\/wp-json\/wp\/v2\/media?parent=48"}],"wp:term":[{"taxonomy":"category","embeddable":true,"href":"https:\/\/www.janetti.fi\/eraveikot\/wp-json\/wp\/v2\/categories?post=48"},{"taxonomy":"post_tag","embeddable":true,"href":"https:\/\/www.janetti.fi\/eraveikot\/wp-json\/wp\/v2\/tags?post=48"}],"curies":[{"name":"wp","href":"https:\/\/api.w.org\/{rel}","templated":true}]}}