{"id":389,"date":"2022-08-01T04:04:15","date_gmt":"2022-08-01T04:04:15","guid":{"rendered":"https:\/\/www.janetti.fi\/eraveikot\/?p=389"},"modified":"2022-08-01T04:25:57","modified_gmt":"2022-08-01T04:25:57","slug":"kesakokous-jarjestettiin-31-7-2022","status":"publish","type":"post","link":"https:\/\/www.janetti.fi\/eraveikot\/kesakokous-jarjestettiin-31-7-2022\/","title":{"rendered":"Kes\u00e4kokous j\u00e4rjestettiin 31.7.2022"},"content":{"rendered":"\n<p>M\u00e4nnist\u00f6n majalla j\u00e4rjestettyyn kokoukseen osallistui 13 henkil\u00f6\u00e4. Kokouksessa vuoden 2021 parhaana ampujana palkittiin Lassi Tiihonen, parhaana koirana Mauri Hokkasen karjalankarhukoira Jetsu ja riistamestarina Janne Huttunen. <\/p>\n\n\n\n<p><strong>Poimintoja kokouksessa p\u00e4\u00e4tetyist\u00e4 asioista: <\/strong><\/p>\n\n\n\n<ul class=\"wp-block-list\"><li><strong>Saaliskiinti\u00f6t<\/strong> mets\u00e4kanalintujen osalta on kaksi teert\u00e4 ja yksi metso \/ j\u00e4sen. Muuta pienriistaa saa mets\u00e4st\u00e4\u00e4 ilman kiinti\u00f6rajoituksia. My\u00f6s mets\u00e4kauriin ampuminen sallittua (muista tuolloin tehd\u00e4 lakis\u00e4\u00e4teinen saalisilmoitus).<\/li><li><strong>Vieraskortti<\/strong> 10 \u20ac \/ vrk, saalis is\u00e4nn\u00e4n kiinti\u00f6st\u00e4 (is\u00e4nt\u00e4 = seuran j\u00e4sen, jonka on oltava mukana jahdissa). Pienpetoja ja haittael\u00e4imi\u00e4 saa mets\u00e4st\u00e4\u00e4 vapaasti ilman vieraskorttia seuran j\u00e4senen ollessa mukana.  <\/li><li><a href=\"https:\/\/www.janetti.fi\/eraveikot\/metsastys\/\" data-type=\"page\" data-id=\"23\"><strong>Rauhoitusalueet<\/strong><\/a> s\u00e4ilyv\u00e4t ennallaan. <\/li><li><strong>Er\u00e4majan vuorokausivuokraksi<\/strong> p\u00e4\u00e4tettiin 150 \u20ac, j\u00e4senist\u00f6lle majan k\u00e4ytt\u00f6 on edelleen maksutonta. S\u00e4\u00e4nt\u00f6j\u00e4 tarkennettiin: my\u00f6s seuran j\u00e4senten tulee ilmoittaa majan y\u00f6pymisk\u00e4yt\u00f6st\u00e4 ennakkoon (= tehd\u00e4 varaus) Jorma Reinikaiselle. <strong>Paikat tulee siivota huolella.<\/strong> Mik\u00e4 siivous on laiminly\u00f6ty, l\u00e4hetet\u00e4\u00e4n lasku siivouksesta. <\/li><li>Seuralla on <strong>riistaruokintaan<\/strong> hernett\u00e4, my\u00f6hemmin syksyll\u00e4 on tulossa kauraa ja ohraa. Ruokinnoilta, joissa k\u00e4ytet\u00e4\u00e4n seuran maksamia herneit\u00e4\/viljaa, saavat kaikki seuran j\u00e4senet mets\u00e4st\u00e4\u00e4 riistaa. Jos k\u00e4ytt\u00e4\u00e4 omin varoin hankittuja ev\u00e4it\u00e4 riistaruokinnalla, eik\u00e4 halua muita mets\u00e4st\u00e4ji\u00e4 ruokinnalleen, kannattaa t\u00e4st\u00e4 ilmoittaa puheenjohtajalle. <\/li><li><strong>Ilveksen mets\u00e4styksen<\/strong> mets\u00e4styksenjohtajaksi nimettiin Mauri Hokkanen.<\/li><li>P\u00e4\u00e4tettiin muistaa 40 vuotta t\u00e4ytt\u00e4v\u00e4\u00e4 Salmenkyl\u00e4n mets\u00e4stysseuraa. Juhlapeijaiset 13.8.2022. <\/li><li>Er\u00e4veikkojen hirvi-haulikkokisa Paukkusuolla la 24.9. klo 11 alkaen. <\/li><li>Seurojen v\u00e4linen ampumakisa  Paukkusuolla 27.-28.8.2022.<\/li><li>Talkoista todettiin, ett\u00e4 niit\u00e4 riitt\u00e4\u00e4 kaikille halukkaille. Oma-aloitteisesti voi k\u00e4yd\u00e4 esim. raivaamassa teiden reunoja tai majan ymp\u00e4rist\u00f6\u00e4.\u00a0<\/li><\/ul>\n\n\n\n<h2 class=\"wp-block-heading\">Hirviseurue kokoontui kes\u00e4kokouksen j\u00e4lkeen<\/h2>\n\n\n\n<p><a href=\"https:\/\/www.janetti.fi\/eraveikot\/metsastys\/hirvi\/\" data-type=\"page\" data-id=\"25\">Hirven mets\u00e4stys<\/a> alkaa 8.10. klo 7.00. Hirviseurueen johtajaksi valittiin Ilkka Pylv\u00e4n\u00e4inen ja varajohtajiksi Lassi Tiihonen, Jari Ignatius, Kuisma H\u00e4nninen sek\u00e4 Markku Reinikainen. <\/p>\n\n\n\n<p>Hirvimaksu 60 \u20ac, maksettava seuran tilille syyskuun loppuun menness\u00e4. <\/p>\n\n\n\n<p>Peijaiset j\u00e4rjestet\u00e4\u00e4n majalla lauantaina 12.11. klo 15-18. <\/p>\n","protected":false},"excerpt":{"rendered":"<p>M\u00e4nnist\u00f6n majalla j\u00e4rjestettyyn kokoukseen osallistui 13 henkil\u00f6\u00e4. Kokouksessa vuoden 2021 parhaana ampujana palkittiin Lassi Tiihonen, parhaana koirana Mauri Hokkasen karjalankarhukoira Jetsu ja riistamestarina Janne Huttunen. Poimintoja kokouksessa p\u00e4\u00e4tetyist\u00e4 asioista: Saaliskiinti\u00f6t mets\u00e4kanalintujen osalta on kaksi teert\u00e4 ja yksi metso \/ j\u00e4sen. Muuta pienriistaa saa mets\u00e4st\u00e4\u00e4 ilman kiinti\u00f6rajoituksia. My\u00f6s mets\u00e4kauriin ampuminen sallittua (muista tuolloin tehd\u00e4 lakis\u00e4\u00e4teinen saalisilmoitus). [&hellip;]<\/p>\n","protected":false},"author":1,"featured_media":90,"comment_status":"closed","ping_status":"closed","sticky":false,"template":"","format":"standard","meta":{"footnotes":""},"categories":[12],"tags":[24,17,7],"class_list":["post-389","post","type-post","status-publish","format-standard","has-post-thumbnail","hentry","category-uutiset","tag-ampumakisa","tag-hirven-metsastys","tag-kesakokous"],"_links":{"self":[{"href":"https:\/\/www.janetti.fi\/eraveikot\/wp-json\/wp\/v2\/posts\/389","targetHints":{"allow":["GET"]}}],"collection":[{"href":"https:\/\/www.janetti.fi\/eraveikot\/wp-json\/wp\/v2\/posts"}],"about":[{"href":"https:\/\/www.janetti.fi\/eraveikot\/wp-json\/wp\/v2\/types\/post"}],"author":[{"embeddable":true,"href":"https:\/\/www.janetti.fi\/eraveikot\/wp-json\/wp\/v2\/users\/1"}],"replies":[{"embeddable":true,"href":"https:\/\/www.janetti.fi\/eraveikot\/wp-json\/wp\/v2\/comments?post=389"}],"version-history":[{"count":2,"href":"https:\/\/www.janetti.fi\/eraveikot\/wp-json\/wp\/v2\/posts\/389\/revisions"}],"predecessor-version":[{"id":403,"href":"https:\/\/www.janetti.fi\/eraveikot\/wp-json\/wp\/v2\/posts\/389\/revisions\/403"}],"wp:featuredmedia":[{"embeddable":true,"href":"https:\/\/www.janetti.fi\/eraveikot\/wp-json\/wp\/v2\/media\/90"}],"wp:attachment":[{"href":"https:\/\/www.janetti.fi\/eraveikot\/wp-json\/wp\/v2\/media?parent=389"}],"wp:term":[{"taxonomy":"category","embeddable":true,"href":"https:\/\/www.janetti.fi\/eraveikot\/wp-json\/wp\/v2\/categories?post=389"},{"taxonomy":"post_tag","embeddable":true,"href":"https:\/\/www.janetti.fi\/eraveikot\/wp-json\/wp\/v2\/tags?post=389"}],"curies":[{"name":"wp","href":"https:\/\/api.w.org\/{rel}","templated":true}]}}