{"id":314,"date":"2021-08-09T07:40:48","date_gmt":"2021-08-09T07:40:48","guid":{"rendered":"https:\/\/www.janetti.fi\/eraveikot\/?p=314"},"modified":"2021-08-09T07:57:34","modified_gmt":"2021-08-09T07:57:34","slug":"kesakokous-ja-hirviseurueen-kokoontuminen-8-8-2021","status":"publish","type":"post","link":"https:\/\/www.janetti.fi\/eraveikot\/kesakokous-ja-hirviseurueen-kokoontuminen-8-8-2021\/","title":{"rendered":"Kes\u00e4kokous ja hirviseurueen kokoontuminen 8.8.2021"},"content":{"rendered":"\n<h4 class=\"wp-block-heading\">Kes\u00e4kokous j\u00e4rjestettiin M\u00e4nnist\u00f6n majalla, paikalla oli 12 seuran j\u00e4sent\u00e4. <\/h4>\n\n\n\n<p>Kokouksessa p\u00e4\u00e4tettiin mm. seuraavista asioista:<\/p>\n\n\n\n<ul class=\"wp-block-list\"><li>Saaliskiinti\u00f6 kaksi teert\u00e4 ja yksi musta metso, muuta riistaa saa mets\u00e4st\u00e4\u00e4 ilman kiinti\u00f6rajoituksia. <\/li><li>Kiinti\u00f6mets\u00e4stett\u00e4v\u00e4t saaliit tulee kirjata OmaRiista-palveluun.<\/li><li>Vieraskortin hinta 10 euroa \/ vrk, is\u00e4nn\u00e4n kiinti\u00f6st\u00e4 ja is\u00e4nn\u00e4n mukana ollessa. Pienpetoja ja haittael\u00e4imi\u00e4 saa mets\u00e4st\u00e4\u00e4 vapaasti seuran j\u00e4senen mukana ollessa. <\/li><li>Rauhoitusalueet todettiin, ne l\u00f6yd\u00e4t <a href=\"https:\/\/www.janetti.fi\/eraveikot\/metsastys\/muu-riista\/\" data-type=\"page\" data-id=\"29\">t\u00e4\u00e4lt\u00e4<\/a>.<\/li><li>Hyv\u00e4ksyttiin yksi uusi j\u00e4sen seuraan. <\/li><li>Sovittiin ett\u00e4 jahtivajalle hankitaan s\u00e4hk\u00f6vinssija vinssik\u00f6ysi. <\/li><li>Valittiin karhun- ja ilveksenmets\u00e4styksen johtajaksi Jyrki Laitinen, varalla Jari Ignatius. <\/li><li>J\u00e4senten v\u00e4liset hirvi- ja haulikkokilpailut j\u00e4rjestet\u00e4\u00e4n 11.9. klo 12 alkaen Paukkusuolla. <\/li><li>Seurojen v\u00e4linen hirviammuntakilpailu 28.-29.8., Er\u00e4veikkojen vuoro klo 11.<\/li><li>Muistettiin Jyrki Laitista merkkip\u00e4iv\u00e4n johdosta seuran viirill\u00e4 ja valittiin Mauri Hokkanen vapaa-\/kunniaj\u00e4seneksi. <\/li><li>P\u00e4\u00e4tettiin my\u00f6s muistaa 60 vuotta t\u00e4ytt\u00e4v\u00e4\u00e4 naapuriseuraa, Kutemaj\u00e4rven mets\u00e4stysseuraa. <\/li><\/ul>\n\n\n\n<h2 class=\"wp-block-heading\">Hirvikokouksessa p\u00e4\u00e4tettyj\u00e4 asioita:<\/h2>\n\n\n\n<ul class=\"wp-block-list\"><li>Aloitus 9.10. klo 7, kokoontuminen M\u00e4nnist\u00f6n majalle.<\/li><li>5 lupaa. <\/li><li>Seurueen johtajisto s\u00e4ilyy ennallaan, samoin muut k\u00e4yt\u00e4nn\u00f6t. Hirvimaksu (60 \u20ac) on maksettava syyskuun loppuun menness\u00e4. Lis\u00e4tietoja l\u00f6yd\u00e4t <a href=\"https:\/\/www.janetti.fi\/eraveikot\/metsastys\/hirvi\/\" data-type=\"page\" data-id=\"25\">hirvenmets\u00e4stys-sivulta<\/a>.<\/li><li>Hirvipeijaiset j\u00e4rjestet\u00e4\u00e4n 13.11. klo 15-18, mik\u00e4li koronatilanne sallii. <\/li><li>Hankasalmentien varrelta puretaan vaurioituneet hirvitornit. Talkoista ilmoitetaan Whatsapp-ryhm\u00e4ss\u00e4. <\/li><\/ul>\n\n\n\n<p><\/p>\n","protected":false},"excerpt":{"rendered":"<p>Kes\u00e4kokous j\u00e4rjestettiin M\u00e4nnist\u00f6n majalla, paikalla oli 12 seuran j\u00e4sent\u00e4. Kokouksessa p\u00e4\u00e4tettiin mm. seuraavista asioista: Saaliskiinti\u00f6 kaksi teert\u00e4 ja yksi musta metso, muuta riistaa saa mets\u00e4st\u00e4\u00e4 ilman kiinti\u00f6rajoituksia. Kiinti\u00f6mets\u00e4stett\u00e4v\u00e4t saaliit tulee kirjata OmaRiista-palveluun. Vieraskortin hinta 10 euroa \/ vrk, is\u00e4nn\u00e4n kiinti\u00f6st\u00e4 ja is\u00e4nn\u00e4n mukana ollessa. Pienpetoja ja haittael\u00e4imi\u00e4 saa mets\u00e4st\u00e4\u00e4 vapaasti seuran j\u00e4senen mukana ollessa. Rauhoitusalueet [&hellip;]<\/p>\n","protected":false},"author":1,"featured_media":316,"comment_status":"closed","ping_status":"closed","sticky":false,"template":"","format":"standard","meta":{"footnotes":""},"categories":[12],"tags":[17,38,7,9,10,8],"class_list":["post-314","post","type-post","status-publish","format-standard","has-post-thumbnail","hentry","category-uutiset","tag-hirven-metsastys","tag-hirvikokous","tag-kesakokous","tag-rauhoitusalueet","tag-saaliskiintiot","tag-vieraskortti"],"_links":{"self":[{"href":"https:\/\/www.janetti.fi\/eraveikot\/wp-json\/wp\/v2\/posts\/314","targetHints":{"allow":["GET"]}}],"collection":[{"href":"https:\/\/www.janetti.fi\/eraveikot\/wp-json\/wp\/v2\/posts"}],"about":[{"href":"https:\/\/www.janetti.fi\/eraveikot\/wp-json\/wp\/v2\/types\/post"}],"author":[{"embeddable":true,"href":"https:\/\/www.janetti.fi\/eraveikot\/wp-json\/wp\/v2\/users\/1"}],"replies":[{"embeddable":true,"href":"https:\/\/www.janetti.fi\/eraveikot\/wp-json\/wp\/v2\/comments?post=314"}],"version-history":[{"count":3,"href":"https:\/\/www.janetti.fi\/eraveikot\/wp-json\/wp\/v2\/posts\/314\/revisions"}],"predecessor-version":[{"id":329,"href":"https:\/\/www.janetti.fi\/eraveikot\/wp-json\/wp\/v2\/posts\/314\/revisions\/329"}],"wp:featuredmedia":[{"embeddable":true,"href":"https:\/\/www.janetti.fi\/eraveikot\/wp-json\/wp\/v2\/media\/316"}],"wp:attachment":[{"href":"https:\/\/www.janetti.fi\/eraveikot\/wp-json\/wp\/v2\/media?parent=314"}],"wp:term":[{"taxonomy":"category","embeddable":true,"href":"https:\/\/www.janetti.fi\/eraveikot\/wp-json\/wp\/v2\/categories?post=314"},{"taxonomy":"post_tag","embeddable":true,"href":"https:\/\/www.janetti.fi\/eraveikot\/wp-json\/wp\/v2\/tags?post=314"}],"curies":[{"name":"wp","href":"https:\/\/api.w.org\/{rel}","templated":true}]}}