{"id":301,"date":"2021-06-09T06:04:15","date_gmt":"2021-06-09T06:04:15","guid":{"rendered":"https:\/\/www.janetti.fi\/eraveikot\/?p=301"},"modified":"2021-06-09T06:04:15","modified_gmt":"2021-06-09T06:04:15","slug":"vuosikokous-jarjestettiin-6-6-2021","status":"publish","type":"post","link":"https:\/\/www.janetti.fi\/eraveikot\/vuosikokous-jarjestettiin-6-6-2021\/","title":{"rendered":"Vuosikokous j\u00e4rjestettiin 6.6.2021"},"content":{"rendered":"\n<p>Koronaepidemian aiheuttamien kokoontumisrajoituksien vuoksi Er\u00e4veikkojen vuosikokous j\u00e4rjestettiin hieman normaalia my\u00f6hemmin. <\/p>\n\n\n\n<p>Kokouksessa k\u00e4siteltiin s\u00e4\u00e4nt\u00f6jen m\u00e4\u00e4r\u00e4\u00e4m\u00e4t asiat, kuten tilit, toimintakertomus 2020, toimintasuunnitelma 2021 sek\u00e4 tulo- ja menoarvio. Kokouksessa hyv\u00e4ksyttiin yksimielisesti my\u00f6s kaksi uutta j\u00e4sent\u00e4 seuraan. <\/p>\n\n\n\n<figure class=\"wp-block-gallery columns-2 is-cropped wp-block-gallery-1 is-layout-flex wp-block-gallery-is-layout-flex\"><ul class=\"blocks-gallery-grid\"><li class=\"blocks-gallery-item\"><figure><img loading=\"lazy\" decoding=\"async\" width=\"900\" height=\"675\" src=\"https:\/\/www.janetti.fi\/eraveikot\/wp-content\/uploads\/2021\/06\/IMG_7090.jpg\" alt=\"\" data-id=\"303\" data-full-url=\"https:\/\/www.janetti.fi\/eraveikot\/wp-content\/uploads\/2021\/06\/IMG_7090.jpg\" data-link=\"https:\/\/www.janetti.fi\/eraveikot\/?attachment_id=303\" class=\"wp-image-303\" srcset=\"https:\/\/www.janetti.fi\/eraveikot\/wp-content\/uploads\/2021\/06\/IMG_7090.jpg 900w, https:\/\/www.janetti.fi\/eraveikot\/wp-content\/uploads\/2021\/06\/IMG_7090-300x225.jpg 300w, https:\/\/www.janetti.fi\/eraveikot\/wp-content\/uploads\/2021\/06\/IMG_7090-768x576.jpg 768w\" sizes=\"auto, (max-width: 900px) 100vw, 900px\" \/><\/figure><\/li><li class=\"blocks-gallery-item\"><figure><img loading=\"lazy\" decoding=\"async\" width=\"900\" height=\"675\" src=\"https:\/\/www.janetti.fi\/eraveikot\/wp-content\/uploads\/2021\/06\/IMG_7092.jpg\" alt=\"\" data-id=\"304\" data-full-url=\"https:\/\/www.janetti.fi\/eraveikot\/wp-content\/uploads\/2021\/06\/IMG_7092.jpg\" data-link=\"https:\/\/www.janetti.fi\/eraveikot\/?attachment_id=304\" class=\"wp-image-304\" srcset=\"https:\/\/www.janetti.fi\/eraveikot\/wp-content\/uploads\/2021\/06\/IMG_7092.jpg 900w, https:\/\/www.janetti.fi\/eraveikot\/wp-content\/uploads\/2021\/06\/IMG_7092-300x225.jpg 300w, https:\/\/www.janetti.fi\/eraveikot\/wp-content\/uploads\/2021\/06\/IMG_7092-768x576.jpg 768w\" sizes=\"auto, (max-width: 900px) 100vw, 900px\" \/><\/figure><\/li><\/ul><\/figure>\n\n\n\n<p><\/p>\n","protected":false},"excerpt":{"rendered":"<p>Koronaepidemian aiheuttamien kokoontumisrajoituksien vuoksi Er\u00e4veikkojen vuosikokous j\u00e4rjestettiin hieman normaalia my\u00f6hemmin. Kokouksessa k\u00e4siteltiin s\u00e4\u00e4nt\u00f6jen m\u00e4\u00e4r\u00e4\u00e4m\u00e4t asiat, kuten tilit, toimintakertomus 2020, toimintasuunnitelma 2021 sek\u00e4 tulo- ja menoarvio. Kokouksessa hyv\u00e4ksyttiin yksimielisesti my\u00f6s kaksi uutta j\u00e4sent\u00e4 seuraan.<\/p>\n","protected":false},"author":1,"featured_media":302,"comment_status":"closed","ping_status":"closed","sticky":false,"template":"","format":"standard","meta":{"footnotes":""},"categories":[12],"tags":[29,37],"class_list":["post-301","post","type-post","status-publish","format-standard","has-post-thumbnail","hentry","category-uutiset","tag-kangasniemen-eraveikot","tag-vuosikokous"],"_links":{"self":[{"href":"https:\/\/www.janetti.fi\/eraveikot\/wp-json\/wp\/v2\/posts\/301","targetHints":{"allow":["GET"]}}],"collection":[{"href":"https:\/\/www.janetti.fi\/eraveikot\/wp-json\/wp\/v2\/posts"}],"about":[{"href":"https:\/\/www.janetti.fi\/eraveikot\/wp-json\/wp\/v2\/types\/post"}],"author":[{"embeddable":true,"href":"https:\/\/www.janetti.fi\/eraveikot\/wp-json\/wp\/v2\/users\/1"}],"replies":[{"embeddable":true,"href":"https:\/\/www.janetti.fi\/eraveikot\/wp-json\/wp\/v2\/comments?post=301"}],"version-history":[{"count":1,"href":"https:\/\/www.janetti.fi\/eraveikot\/wp-json\/wp\/v2\/posts\/301\/revisions"}],"predecessor-version":[{"id":306,"href":"https:\/\/www.janetti.fi\/eraveikot\/wp-json\/wp\/v2\/posts\/301\/revisions\/306"}],"wp:featuredmedia":[{"embeddable":true,"href":"https:\/\/www.janetti.fi\/eraveikot\/wp-json\/wp\/v2\/media\/302"}],"wp:attachment":[{"href":"https:\/\/www.janetti.fi\/eraveikot\/wp-json\/wp\/v2\/media?parent=301"}],"wp:term":[{"taxonomy":"category","embeddable":true,"href":"https:\/\/www.janetti.fi\/eraveikot\/wp-json\/wp\/v2\/categories?post=301"},{"taxonomy":"post_tag","embeddable":true,"href":"https:\/\/www.janetti.fi\/eraveikot\/wp-json\/wp\/v2\/tags?post=301"}],"curies":[{"name":"wp","href":"https:\/\/api.w.org\/{rel}","templated":true}]}}